{"id":6017,"date":"2022-04-16T21:29:47","date_gmt":"2022-04-16T19:29:47","guid":{"rendered":"https:\/\/hb-laser.com\/?p=6017"},"modified":"2022-07-12T13:45:15","modified_gmt":"2022-07-12T11:45:15","slug":"laserprojektion-fuer-das-landesmuseum-wuerttemberg-in-stuttgart","status":"publish","type":"post","link":"https:\/\/hb-laser.com\/de\/2022\/04\/16\/laserprojektion-fuer-das-landesmuseum-wuerttemberg-in-stuttgart\/","title":{"rendered":"Laserprojektion f\u00fcr das Landesmuseum W\u00fcrttemberg in Stuttgart"},"content":{"rendered":"<p>[et_pb_section fb_built=&#8220;1&#8243; _builder_version=&#8220;4.16&#8243; _module_preset=&#8220;default&#8220; custom_margin=&#8220;|-105px||-103px||&#8220; global_colors_info=&#8220;{}&#8220; theme_builder_area=&#8220;post_content&#8220;][et_pb_row _builder_version=&#8220;4.16&#8243; _module_preset=&#8220;default&#8220; global_colors_info=&#8220;{}&#8220; theme_builder_area=&#8220;post_content&#8220;][et_pb_column type=&#8220;4_4&#8243; _builder_version=&#8220;4.16&#8243; _module_preset=&#8220;default&#8220; global_colors_info=&#8220;{}&#8220; theme_builder_area=&#8220;post_content&#8220;][et_pb_text _builder_version=&#8220;4.16&#8243; _module_preset=&#8220;default&#8220; global_colors_info=&#8220;{}&#8220; theme_builder_area=&#8220;post_content&#8220;]<\/p>\n<p><span>Diese Laserinstallation auf dem Stuttgarter Schlossplatz zieht seit Ende 2014 die Blicke auf sich. Die Festinstallation dient der \u00f6ffentlichen Ank\u00fcndigung verschiedener Ausstellungen des Landesmuseums W\u00fcrttemberg. Die Projektionen werden jede Nacht gezeigt. Im Einsatz ist ein wetterfestes IP68 LightCube 851. Eine Schwierigkeit, die es zu bew\u00e4ltigen galt, war der weite Winkel, der f\u00fcr die Projektionen n\u00f6tig war. Dieser konnte durch die professionellen CT-6210 Scannersysteme problemlos gel\u00f6st werden.<\/span><\/p>\n<p>[\/et_pb_text][et_pb_image src=&#8220;https:\/\/hb-laser.com\/wp-content\/uploads\/2022\/04\/Landesmuseum.jpg&#8220; title_text=&#8220;Landesmuseum&#8220; _builder_version=&#8220;4.16&#8243; _module_preset=&#8220;default&#8220; border_radii=&#8220;on|25px|25px|25px|25px&#8220; box_shadow_style=&#8220;preset1&#8243; global_colors_info=&#8220;{}&#8220; theme_builder_area=&#8220;post_content&#8220;][\/et_pb_image][et_pb_image src=&#8220;https:\/\/hb-laser.com\/wp-content\/uploads\/2022\/07\/P1060205-scaled.jpg&#8220; title_text=&#8220;P1060205&#8243; _builder_version=&#8220;4.17.4&#8243; _module_preset=&#8220;default&#8220; hover_enabled=&#8220;0&#8243; border_radii=&#8220;on|25px|25px|25px|25px&#8220; box_shadow_style=&#8220;preset1&#8243; global_colors_info=&#8220;{}&#8220; theme_builder_area=&#8220;post_content&#8220; sticky_enabled=&#8220;0&#8243;][\/et_pb_image][\/et_pb_column][\/et_pb_row][\/et_pb_section]<\/p>\n","protected":false},"excerpt":{"rendered":"<p>Diese Laserinstallation auf dem Stuttgarter Schlossplatz zieht seit Ende 2014 die Blicke auf sich. Die Festinstallation dient der \u00f6ffentlichen Ank\u00fcndigung verschiedener Ausstellungen des Landesmuseums W\u00fcrttemberg. Die Projektionen werden jede Nacht gezeigt. Im Einsatz ist ein wetterfestes IP68 LightCube 851. Eine Schwierigkeit, die es zu bew\u00e4ltigen galt, war der weite Winkel, der f\u00fcr die Projektionen n\u00f6tig [&hellip;]<\/p>\n","protected":false},"author":1,"featured_media":9982,"comment_status":"open","ping_status":"open","sticky":false,"template":"","format":"standard","meta":{"_et_pb_use_builder":"on","_et_pb_old_content":"","_et_gb_content_width":"","footnotes":""},"categories":[44],"tags":[],"class_list":["post-6017","post","type-post","status-publish","format-standard","has-post-thumbnail","hentry","category-museen-ausgeblendet"],"yoast_head":"<!-- This site is optimized with the Yoast SEO plugin v27.4 - https:\/\/yoast.com\/product\/yoast-seo-wordpress\/ -->\n<title>Laserprojektion f\u00fcr das Landesmuseum W\u00fcrttemberg in Stuttgart<\/title>\n<meta name=\"description\" content=\"Die Festinstallation dient der \u00f6ffentlichen Ank\u00fcndigung verschiedener Ausstellungen des Landesmuseums W\u00fcrttemberg.\" \/>\n<meta name=\"robots\" content=\"index, follow, max-snippet:-1, max-image-preview:large, max-video-preview:-1\" \/>\n<link rel=\"canonical\" href=\"https:\/\/www.hb-laser.com\/2022\/04\/16\/laserprojektion-fuer-das-landesmuseum-wuerttemberg-in-stuttgart\/\" \/>\n<meta property=\"og:locale\" content=\"de_DE\" \/>\n<meta property=\"og:type\" content=\"article\" \/>\n<meta property=\"og:title\" content=\"Laserprojektion f\u00fcr das Landesmuseum W\u00fcrttemberg in Stuttgart\" \/>\n<meta property=\"og:description\" content=\"Die Festinstallation dient der \u00f6ffentlichen Ank\u00fcndigung verschiedener Ausstellungen des Landesmuseums W\u00fcrttemberg.\" \/>\n<meta property=\"og:url\" content=\"https:\/\/www.hb-laser.com\/2022\/04\/16\/laserprojektion-fuer-das-landesmuseum-wuerttemberg-in-stuttgart\/\" \/>\n<meta property=\"og:site_name\" content=\"HB-Laser.com\" \/>\n<meta property=\"article:published_time\" content=\"2022-04-16T19:29:47+00:00\" \/>\n<meta property=\"article:modified_time\" content=\"2022-07-12T11:45:15+00:00\" \/>\n<meta property=\"og:image\" content=\"https:\/\/www.hb-laser.com\/wp-content\/uploads\/2022\/04\/Titelbilder-1920-\u00d7-700-px-34-1024x373.png\" \/>\n\t<meta property=\"og:image:width\" content=\"1024\" \/>\n\t<meta property=\"og:image:height\" content=\"373\" \/>\n\t<meta property=\"og:image:type\" content=\"image\/png\" \/>\n<meta name=\"author\" content=\"Julia\" \/>\n<meta name=\"twitter:card\" content=\"summary_large_image\" \/>\n<meta name=\"twitter:label1\" content=\"Verfasst von\" \/>\n\t<meta name=\"twitter:data1\" content=\"Julia\" \/>\n\t<meta name=\"twitter:label2\" content=\"Gesch\u00e4tzte Lesezeit\" \/>\n\t<meta name=\"twitter:data2\" content=\"1\u00a0Minute\" \/>\n<script type=\"application\/ld+json\" class=\"yoast-schema-graph\">{\"@context\":\"https:\\\/\\\/schema.org\",\"@graph\":[{\"@type\":\"Article\",\"@id\":\"https:\\\/\\\/www.hb-laser.com\\\/2022\\\/04\\\/16\\\/laserprojektion-fuer-das-landesmuseum-wuerttemberg-in-stuttgart\\\/#article\",\"isPartOf\":{\"@id\":\"https:\\\/\\\/www.hb-laser.com\\\/2022\\\/04\\\/16\\\/laserprojektion-fuer-das-landesmuseum-wuerttemberg-in-stuttgart\\\/\"},\"author\":{\"name\":\"Julia\",\"@id\":\"https:\\\/\\\/www.hb-laser.com\\\/#\\\/schema\\\/person\\\/18d9237bdeeb18a8d7475b3761dd8b41\"},\"headline\":\"Laserprojektion f\u00fcr das Landesmuseum W\u00fcrttemberg in Stuttgart\",\"datePublished\":\"2022-04-16T19:29:47+00:00\",\"dateModified\":\"2022-07-12T11:45:15+00:00\",\"mainEntityOfPage\":{\"@id\":\"https:\\\/\\\/www.hb-laser.com\\\/2022\\\/04\\\/16\\\/laserprojektion-fuer-das-landesmuseum-wuerttemberg-in-stuttgart\\\/\"},\"wordCount\":251,\"commentCount\":0,\"image\":{\"@id\":\"https:\\\/\\\/www.hb-laser.com\\\/2022\\\/04\\\/16\\\/laserprojektion-fuer-das-landesmuseum-wuerttemberg-in-stuttgart\\\/#primaryimage\"},\"thumbnailUrl\":\"https:\\\/\\\/hb-laser.com\\\/wp-content\\\/uploads\\\/2022\\\/04\\\/Titelbilder-1920-\u00d7-700-px-34.png\",\"articleSection\":[\"Museen ausgeblendet\"],\"inLanguage\":\"de\",\"potentialAction\":[{\"@type\":\"CommentAction\",\"name\":\"Comment\",\"target\":[\"https:\\\/\\\/www.hb-laser.com\\\/2022\\\/04\\\/16\\\/laserprojektion-fuer-das-landesmuseum-wuerttemberg-in-stuttgart\\\/#respond\"]}]},{\"@type\":\"WebPage\",\"@id\":\"https:\\\/\\\/www.hb-laser.com\\\/2022\\\/04\\\/16\\\/laserprojektion-fuer-das-landesmuseum-wuerttemberg-in-stuttgart\\\/\",\"url\":\"https:\\\/\\\/www.hb-laser.com\\\/2022\\\/04\\\/16\\\/laserprojektion-fuer-das-landesmuseum-wuerttemberg-in-stuttgart\\\/\",\"name\":\"Laserprojektion f\u00fcr das Landesmuseum W\u00fcrttemberg in Stuttgart\",\"isPartOf\":{\"@id\":\"https:\\\/\\\/www.hb-laser.com\\\/#website\"},\"primaryImageOfPage\":{\"@id\":\"https:\\\/\\\/www.hb-laser.com\\\/2022\\\/04\\\/16\\\/laserprojektion-fuer-das-landesmuseum-wuerttemberg-in-stuttgart\\\/#primaryimage\"},\"image\":{\"@id\":\"https:\\\/\\\/www.hb-laser.com\\\/2022\\\/04\\\/16\\\/laserprojektion-fuer-das-landesmuseum-wuerttemberg-in-stuttgart\\\/#primaryimage\"},\"thumbnailUrl\":\"https:\\\/\\\/hb-laser.com\\\/wp-content\\\/uploads\\\/2022\\\/04\\\/Titelbilder-1920-\u00d7-700-px-34.png\",\"datePublished\":\"2022-04-16T19:29:47+00:00\",\"dateModified\":\"2022-07-12T11:45:15+00:00\",\"author\":{\"@id\":\"https:\\\/\\\/www.hb-laser.com\\\/#\\\/schema\\\/person\\\/18d9237bdeeb18a8d7475b3761dd8b41\"},\"description\":\"Die Festinstallation dient der \u00f6ffentlichen Ank\u00fcndigung verschiedener Ausstellungen des Landesmuseums W\u00fcrttemberg.\",\"breadcrumb\":{\"@id\":\"https:\\\/\\\/www.hb-laser.com\\\/2022\\\/04\\\/16\\\/laserprojektion-fuer-das-landesmuseum-wuerttemberg-in-stuttgart\\\/#breadcrumb\"},\"inLanguage\":\"de\",\"potentialAction\":[{\"@type\":\"ReadAction\",\"target\":[\"https:\\\/\\\/www.hb-laser.com\\\/2022\\\/04\\\/16\\\/laserprojektion-fuer-das-landesmuseum-wuerttemberg-in-stuttgart\\\/\"]}]},{\"@type\":\"ImageObject\",\"inLanguage\":\"de\",\"@id\":\"https:\\\/\\\/www.hb-laser.com\\\/2022\\\/04\\\/16\\\/laserprojektion-fuer-das-landesmuseum-wuerttemberg-in-stuttgart\\\/#primaryimage\",\"url\":\"https:\\\/\\\/hb-laser.com\\\/wp-content\\\/uploads\\\/2022\\\/04\\\/Titelbilder-1920-\u00d7-700-px-34.png\",\"contentUrl\":\"https:\\\/\\\/hb-laser.com\\\/wp-content\\\/uploads\\\/2022\\\/04\\\/Titelbilder-1920-\u00d7-700-px-34.png\",\"width\":1920,\"height\":700},{\"@type\":\"BreadcrumbList\",\"@id\":\"https:\\\/\\\/www.hb-laser.com\\\/2022\\\/04\\\/16\\\/laserprojektion-fuer-das-landesmuseum-wuerttemberg-in-stuttgart\\\/#breadcrumb\",\"itemListElement\":[{\"@type\":\"ListItem\",\"position\":1,\"name\":\"Home\",\"item\":\"https:\\\/\\\/hb-laser.com\\\/\"},{\"@type\":\"ListItem\",\"position\":2,\"name\":\"Laserprojektion f\u00fcr das Landesmuseum W\u00fcrttemberg in Stuttgart\"}]},{\"@type\":\"WebSite\",\"@id\":\"https:\\\/\\\/www.hb-laser.com\\\/#website\",\"url\":\"https:\\\/\\\/www.hb-laser.com\\\/\",\"name\":\"HB-Laser.com\",\"description\":\"\",\"potentialAction\":[{\"@type\":\"SearchAction\",\"target\":{\"@type\":\"EntryPoint\",\"urlTemplate\":\"https:\\\/\\\/www.hb-laser.com\\\/?s={search_term_string}\"},\"query-input\":{\"@type\":\"PropertyValueSpecification\",\"valueRequired\":true,\"valueName\":\"search_term_string\"}}],\"inLanguage\":\"de\"},{\"@type\":\"Person\",\"@id\":\"https:\\\/\\\/www.hb-laser.com\\\/#\\\/schema\\\/person\\\/18d9237bdeeb18a8d7475b3761dd8b41\",\"name\":\"Julia\",\"image\":{\"@type\":\"ImageObject\",\"inLanguage\":\"de\",\"@id\":\"https:\\\/\\\/secure.gravatar.com\\\/avatar\\\/c1d006b84e3a1546f107a0bcf9b27fe6e30e4d32ea2d56f5a2b54e9fbe18d498?s=96&d=mm&r=g\",\"url\":\"https:\\\/\\\/secure.gravatar.com\\\/avatar\\\/c1d006b84e3a1546f107a0bcf9b27fe6e30e4d32ea2d56f5a2b54e9fbe18d498?s=96&d=mm&r=g\",\"contentUrl\":\"https:\\\/\\\/secure.gravatar.com\\\/avatar\\\/c1d006b84e3a1546f107a0bcf9b27fe6e30e4d32ea2d56f5a2b54e9fbe18d498?s=96&d=mm&r=g\",\"caption\":\"Julia\"},\"sameAs\":[\"https:\\\/\\\/hb-laser.com\"],\"url\":\"https:\\\/\\\/hb-laser.com\\\/de\\\/author\\\/julia\\\/\"}]}<\/script>\n<!-- \/ Yoast SEO plugin. -->","yoast_head_json":{"title":"Laserprojektion f\u00fcr das Landesmuseum W\u00fcrttemberg in Stuttgart","description":"Die Festinstallation dient der \u00f6ffentlichen Ank\u00fcndigung verschiedener Ausstellungen des Landesmuseums W\u00fcrttemberg.","robots":{"index":"index","follow":"follow","max-snippet":"max-snippet:-1","max-image-preview":"max-image-preview:large","max-video-preview":"max-video-preview:-1"},"canonical":"https:\/\/www.hb-laser.com\/2022\/04\/16\/laserprojektion-fuer-das-landesmuseum-wuerttemberg-in-stuttgart\/","og_locale":"de_DE","og_type":"article","og_title":"Laserprojektion f\u00fcr das Landesmuseum W\u00fcrttemberg in Stuttgart","og_description":"Die Festinstallation dient der \u00f6ffentlichen Ank\u00fcndigung verschiedener Ausstellungen des Landesmuseums W\u00fcrttemberg.","og_url":"https:\/\/www.hb-laser.com\/2022\/04\/16\/laserprojektion-fuer-das-landesmuseum-wuerttemberg-in-stuttgart\/","og_site_name":"HB-Laser.com","article_published_time":"2022-04-16T19:29:47+00:00","article_modified_time":"2022-07-12T11:45:15+00:00","og_image":[{"width":1024,"height":373,"url":"https:\/\/www.hb-laser.com\/wp-content\/uploads\/2022\/04\/Titelbilder-1920-\u00d7-700-px-34-1024x373.png","type":"image\/png"}],"author":"Julia","twitter_card":"summary_large_image","twitter_misc":{"Verfasst von":"Julia","Gesch\u00e4tzte Lesezeit":"1\u00a0Minute"},"schema":{"@context":"https:\/\/schema.org","@graph":[{"@type":"Article","@id":"https:\/\/www.hb-laser.com\/2022\/04\/16\/laserprojektion-fuer-das-landesmuseum-wuerttemberg-in-stuttgart\/#article","isPartOf":{"@id":"https:\/\/www.hb-laser.com\/2022\/04\/16\/laserprojektion-fuer-das-landesmuseum-wuerttemberg-in-stuttgart\/"},"author":{"name":"Julia","@id":"https:\/\/www.hb-laser.com\/#\/schema\/person\/18d9237bdeeb18a8d7475b3761dd8b41"},"headline":"Laserprojektion f\u00fcr das Landesmuseum W\u00fcrttemberg in Stuttgart","datePublished":"2022-04-16T19:29:47+00:00","dateModified":"2022-07-12T11:45:15+00:00","mainEntityOfPage":{"@id":"https:\/\/www.hb-laser.com\/2022\/04\/16\/laserprojektion-fuer-das-landesmuseum-wuerttemberg-in-stuttgart\/"},"wordCount":251,"commentCount":0,"image":{"@id":"https:\/\/www.hb-laser.com\/2022\/04\/16\/laserprojektion-fuer-das-landesmuseum-wuerttemberg-in-stuttgart\/#primaryimage"},"thumbnailUrl":"https:\/\/hb-laser.com\/wp-content\/uploads\/2022\/04\/Titelbilder-1920-\u00d7-700-px-34.png","articleSection":["Museen ausgeblendet"],"inLanguage":"de","potentialAction":[{"@type":"CommentAction","name":"Comment","target":["https:\/\/www.hb-laser.com\/2022\/04\/16\/laserprojektion-fuer-das-landesmuseum-wuerttemberg-in-stuttgart\/#respond"]}]},{"@type":"WebPage","@id":"https:\/\/www.hb-laser.com\/2022\/04\/16\/laserprojektion-fuer-das-landesmuseum-wuerttemberg-in-stuttgart\/","url":"https:\/\/www.hb-laser.com\/2022\/04\/16\/laserprojektion-fuer-das-landesmuseum-wuerttemberg-in-stuttgart\/","name":"Laserprojektion f\u00fcr das Landesmuseum W\u00fcrttemberg in Stuttgart","isPartOf":{"@id":"https:\/\/www.hb-laser.com\/#website"},"primaryImageOfPage":{"@id":"https:\/\/www.hb-laser.com\/2022\/04\/16\/laserprojektion-fuer-das-landesmuseum-wuerttemberg-in-stuttgart\/#primaryimage"},"image":{"@id":"https:\/\/www.hb-laser.com\/2022\/04\/16\/laserprojektion-fuer-das-landesmuseum-wuerttemberg-in-stuttgart\/#primaryimage"},"thumbnailUrl":"https:\/\/hb-laser.com\/wp-content\/uploads\/2022\/04\/Titelbilder-1920-\u00d7-700-px-34.png","datePublished":"2022-04-16T19:29:47+00:00","dateModified":"2022-07-12T11:45:15+00:00","author":{"@id":"https:\/\/www.hb-laser.com\/#\/schema\/person\/18d9237bdeeb18a8d7475b3761dd8b41"},"description":"Die Festinstallation dient der \u00f6ffentlichen Ank\u00fcndigung verschiedener Ausstellungen des Landesmuseums W\u00fcrttemberg.","breadcrumb":{"@id":"https:\/\/www.hb-laser.com\/2022\/04\/16\/laserprojektion-fuer-das-landesmuseum-wuerttemberg-in-stuttgart\/#breadcrumb"},"inLanguage":"de","potentialAction":[{"@type":"ReadAction","target":["https:\/\/www.hb-laser.com\/2022\/04\/16\/laserprojektion-fuer-das-landesmuseum-wuerttemberg-in-stuttgart\/"]}]},{"@type":"ImageObject","inLanguage":"de","@id":"https:\/\/www.hb-laser.com\/2022\/04\/16\/laserprojektion-fuer-das-landesmuseum-wuerttemberg-in-stuttgart\/#primaryimage","url":"https:\/\/hb-laser.com\/wp-content\/uploads\/2022\/04\/Titelbilder-1920-\u00d7-700-px-34.png","contentUrl":"https:\/\/hb-laser.com\/wp-content\/uploads\/2022\/04\/Titelbilder-1920-\u00d7-700-px-34.png","width":1920,"height":700},{"@type":"BreadcrumbList","@id":"https:\/\/www.hb-laser.com\/2022\/04\/16\/laserprojektion-fuer-das-landesmuseum-wuerttemberg-in-stuttgart\/#breadcrumb","itemListElement":[{"@type":"ListItem","position":1,"name":"Home","item":"https:\/\/hb-laser.com\/"},{"@type":"ListItem","position":2,"name":"Laserprojektion f\u00fcr das Landesmuseum W\u00fcrttemberg in Stuttgart"}]},{"@type":"WebSite","@id":"https:\/\/www.hb-laser.com\/#website","url":"https:\/\/www.hb-laser.com\/","name":"HB-Laser.com","description":"","potentialAction":[{"@type":"SearchAction","target":{"@type":"EntryPoint","urlTemplate":"https:\/\/www.hb-laser.com\/?s={search_term_string}"},"query-input":{"@type":"PropertyValueSpecification","valueRequired":true,"valueName":"search_term_string"}}],"inLanguage":"de"},{"@type":"Person","@id":"https:\/\/www.hb-laser.com\/#\/schema\/person\/18d9237bdeeb18a8d7475b3761dd8b41","name":"Julia","image":{"@type":"ImageObject","inLanguage":"de","@id":"https:\/\/secure.gravatar.com\/avatar\/c1d006b84e3a1546f107a0bcf9b27fe6e30e4d32ea2d56f5a2b54e9fbe18d498?s=96&d=mm&r=g","url":"https:\/\/secure.gravatar.com\/avatar\/c1d006b84e3a1546f107a0bcf9b27fe6e30e4d32ea2d56f5a2b54e9fbe18d498?s=96&d=mm&r=g","contentUrl":"https:\/\/secure.gravatar.com\/avatar\/c1d006b84e3a1546f107a0bcf9b27fe6e30e4d32ea2d56f5a2b54e9fbe18d498?s=96&d=mm&r=g","caption":"Julia"},"sameAs":["https:\/\/hb-laser.com"],"url":"https:\/\/hb-laser.com\/de\/author\/julia\/"}]}},"_links":{"self":[{"href":"https:\/\/hb-laser.com\/de\/wp-json\/wp\/v2\/posts\/6017","targetHints":{"allow":["GET"]}}],"collection":[{"href":"https:\/\/hb-laser.com\/de\/wp-json\/wp\/v2\/posts"}],"about":[{"href":"https:\/\/hb-laser.com\/de\/wp-json\/wp\/v2\/types\/post"}],"author":[{"embeddable":true,"href":"https:\/\/hb-laser.com\/de\/wp-json\/wp\/v2\/users\/1"}],"replies":[{"embeddable":true,"href":"https:\/\/hb-laser.com\/de\/wp-json\/wp\/v2\/comments?post=6017"}],"version-history":[{"count":0,"href":"https:\/\/hb-laser.com\/de\/wp-json\/wp\/v2\/posts\/6017\/revisions"}],"wp:featuredmedia":[{"embeddable":true,"href":"https:\/\/hb-laser.com\/de\/wp-json\/wp\/v2\/media\/9982"}],"wp:attachment":[{"href":"https:\/\/hb-laser.com\/de\/wp-json\/wp\/v2\/media?parent=6017"}],"wp:term":[{"taxonomy":"category","embeddable":true,"href":"https:\/\/hb-laser.com\/de\/wp-json\/wp\/v2\/categories?post=6017"},{"taxonomy":"post_tag","embeddable":true,"href":"https:\/\/hb-laser.com\/de\/wp-json\/wp\/v2\/tags?post=6017"}],"curies":[{"name":"wp","href":"https:\/\/api.w.org\/{rel}","templated":true}]}}