{"id":6127,"date":"2022-04-16T22:11:13","date_gmt":"2022-04-16T20:11:13","guid":{"rendered":"https:\/\/hb-laser.com\/?p=6127"},"modified":"2022-07-08T15:37:44","modified_gmt":"2022-07-08T13:37:44","slug":"audi-a4-fahrzeugpraesentation","status":"publish","type":"post","link":"https:\/\/hb-laser.com\/de\/2022\/04\/16\/audi-a4-fahrzeugpraesentation\/","title":{"rendered":"Audi A4 Fahrzeugpr\u00e4sentation"},"content":{"rendered":"\n[et_pb_section fb_built=&#8220;1&#8243; _builder_version=&#8220;4.16&#8243; _module_preset=&#8220;default&#8220; custom_margin=&#8220;|-105px||-103px||&#8220; global_colors_info=&#8220;{}&#8220; theme_builder_area=&#8220;post_content&#8220;][et_pb_row _builder_version=&#8220;4.16&#8243; _module_preset=&#8220;default&#8220; global_colors_info=&#8220;{}&#8220; theme_builder_area=&#8220;post_content&#8220;][et_pb_column type=&#8220;4_4&#8243; _builder_version=&#8220;4.16&#8243; _module_preset=&#8220;default&#8220; global_colors_info=&#8220;{}&#8220; theme_builder_area=&#8220;post_content&#8220;][et_pb_text _builder_version=&#8220;4.16&#8243; _module_preset=&#8220;default&#8220; global_colors_info=&#8220;{}&#8220; theme_builder_area=&#8220;post_content&#8220;]<p>Die Fahrzeugpr\u00e4sentation des neuen A4 in der Audi-Niederlassung in Schw\u00e4bisch Gm\u00fcnd fand im Jahr 2004 statt. Wir lieferten sowohl die Beleuchtungseffekte als auch die Lasershow.<\/p>[\/et_pb_text][et_pb_image src=&#8220;https:\/\/hb-laser.com\/wp-content\/uploads\/2022\/07\/Car-Presentation-Audi-A4-Germany-1.jpg&#8220; title_text=&#8220;Car-Presentation, Audi A4, Germany 1&#8243; _builder_version=&#8220;4.17.4&#8243; _module_preset=&#8220;default&#8220; hover_enabled=&#8220;0&#8243; border_radii=&#8220;on|25px|25px|25px|25px&#8220; box_shadow_style=&#8220;preset1&#8243; global_colors_info=&#8220;{}&#8220; theme_builder_area=&#8220;post_content&#8220; sticky_enabled=&#8220;0&#8243;][\/et_pb_image][et_pb_image src=&#8220;https:\/\/hb-laser.com\/wp-content\/uploads\/2022\/07\/Car-Presentation-Audi-A4-Germany-3.jpg&#8220; title_text=&#8220;Car-Presentation, Audi A4, Germany 3&#8243; _builder_version=&#8220;4.17.4&#8243; _module_preset=&#8220;default&#8220; hover_enabled=&#8220;0&#8243; border_radii=&#8220;on|25px|25px|25px|25px&#8220; box_shadow_style=&#8220;preset1&#8243; global_colors_info=&#8220;{}&#8220; theme_builder_area=&#8220;post_content&#8220; sticky_enabled=&#8220;0&#8243;][\/et_pb_image][\/et_pb_column][\/et_pb_row][\/et_pb_section]\n","protected":false},"excerpt":{"rendered":"<p>Die Fahrzeugpr\u00e4sentation des neuen A4 in der Audi-Niederlassung in Schw\u00e4bisch Gm\u00fcnd fand im Jahr 2004 statt. Wir lieferten sowohl die Beleuchtungseffekte als auch die Lasershow.<\/p>\n","protected":false},"author":1,"featured_media":9857,"comment_status":"open","ping_status":"open","sticky":false,"template":"","format":"standard","meta":{"_et_pb_use_builder":"on","_et_pb_old_content":"","_et_gb_content_width":"","footnotes":""},"categories":[48],"tags":[],"class_list":["post-6127","post","type-post","status-publish","format-standard","has-post-thumbnail","hentry","category-events-ausgeblendet"],"yoast_head":"<!-- This site is optimized with the Yoast SEO plugin v27.4 - https:\/\/yoast.com\/product\/yoast-seo-wordpress\/ -->\n<title>Audi A4 Fahrzeugpr\u00e4sentation | Referenzen von HB-Laser<\/title>\n<meta name=\"description\" content=\"Die Fahrzeugpr\u00e4sentation des neuen A4 in der Audi-Niederlassung in Schw\u00e4bisch Gm\u00fcnd fand im Jahr 2004 statt\" \/>\n<meta name=\"robots\" content=\"index, follow, max-snippet:-1, max-image-preview:large, max-video-preview:-1\" \/>\n<link rel=\"canonical\" href=\"https:\/\/www.hb-laser.com\/2022\/04\/16\/audi-a4-fahrzeugpraesentation\/\" \/>\n<meta property=\"og:locale\" content=\"de_DE\" \/>\n<meta property=\"og:type\" content=\"article\" \/>\n<meta property=\"og:title\" content=\"Audi A4 Fahrzeugpr\u00e4sentation | Referenzen von HB-Laser\" \/>\n<meta property=\"og:description\" content=\"Die Fahrzeugpr\u00e4sentation des neuen A4 in der Audi-Niederlassung in Schw\u00e4bisch Gm\u00fcnd fand im Jahr 2004 statt\" \/>\n<meta property=\"og:url\" content=\"https:\/\/www.hb-laser.com\/2022\/04\/16\/audi-a4-fahrzeugpraesentation\/\" \/>\n<meta property=\"og:site_name\" content=\"HB-Laser.com\" \/>\n<meta property=\"article:published_time\" content=\"2022-04-16T20:11:13+00:00\" \/>\n<meta property=\"article:modified_time\" content=\"2022-07-08T13:37:44+00:00\" \/>\n<meta property=\"og:image\" content=\"https:\/\/www.hb-laser.com\/wp-content\/uploads\/2022\/04\/Titelbilder-1920-\u00d7-700-px-18.png\" \/>\n\t<meta property=\"og:image:width\" content=\"1920\" \/>\n\t<meta property=\"og:image:height\" content=\"700\" \/>\n\t<meta property=\"og:image:type\" content=\"image\/png\" \/>\n<meta name=\"author\" content=\"Julia\" \/>\n<meta name=\"twitter:card\" content=\"summary_large_image\" \/>\n<meta name=\"twitter:label1\" content=\"Verfasst von\" \/>\n\t<meta name=\"twitter:data1\" content=\"Julia\" \/>\n\t<meta name=\"twitter:label2\" content=\"Gesch\u00e4tzte Lesezeit\" \/>\n\t<meta name=\"twitter:data2\" content=\"1\u00a0Minute\" \/>\n<script type=\"application\/ld+json\" class=\"yoast-schema-graph\">{\"@context\":\"https:\\\/\\\/schema.org\",\"@graph\":[{\"@type\":\"Article\",\"@id\":\"https:\\\/\\\/www.hb-laser.com\\\/2022\\\/04\\\/16\\\/audi-a4-fahrzeugpraesentation\\\/#article\",\"isPartOf\":{\"@id\":\"https:\\\/\\\/www.hb-laser.com\\\/2022\\\/04\\\/16\\\/audi-a4-fahrzeugpraesentation\\\/\"},\"author\":{\"name\":\"Julia\",\"@id\":\"https:\\\/\\\/www.hb-laser.com\\\/#\\\/schema\\\/person\\\/18d9237bdeeb18a8d7475b3761dd8b41\"},\"headline\":\"Audi A4 Fahrzeugpr\u00e4sentation\",\"datePublished\":\"2022-04-16T20:11:13+00:00\",\"dateModified\":\"2022-07-08T13:37:44+00:00\",\"mainEntityOfPage\":{\"@id\":\"https:\\\/\\\/www.hb-laser.com\\\/2022\\\/04\\\/16\\\/audi-a4-fahrzeugpraesentation\\\/\"},\"wordCount\":214,\"commentCount\":0,\"image\":{\"@id\":\"https:\\\/\\\/www.hb-laser.com\\\/2022\\\/04\\\/16\\\/audi-a4-fahrzeugpraesentation\\\/#primaryimage\"},\"thumbnailUrl\":\"https:\\\/\\\/hb-laser.com\\\/wp-content\\\/uploads\\\/2022\\\/04\\\/Titelbilder-1920-\u00d7-700-px-18.png\",\"articleSection\":[\"Events ausgeblendet\"],\"inLanguage\":\"de\",\"potentialAction\":[{\"@type\":\"CommentAction\",\"name\":\"Comment\",\"target\":[\"https:\\\/\\\/www.hb-laser.com\\\/2022\\\/04\\\/16\\\/audi-a4-fahrzeugpraesentation\\\/#respond\"]}]},{\"@type\":\"WebPage\",\"@id\":\"https:\\\/\\\/www.hb-laser.com\\\/2022\\\/04\\\/16\\\/audi-a4-fahrzeugpraesentation\\\/\",\"url\":\"https:\\\/\\\/www.hb-laser.com\\\/2022\\\/04\\\/16\\\/audi-a4-fahrzeugpraesentation\\\/\",\"name\":\"Audi A4 Fahrzeugpr\u00e4sentation | Referenzen von HB-Laser\",\"isPartOf\":{\"@id\":\"https:\\\/\\\/www.hb-laser.com\\\/#website\"},\"primaryImageOfPage\":{\"@id\":\"https:\\\/\\\/www.hb-laser.com\\\/2022\\\/04\\\/16\\\/audi-a4-fahrzeugpraesentation\\\/#primaryimage\"},\"image\":{\"@id\":\"https:\\\/\\\/www.hb-laser.com\\\/2022\\\/04\\\/16\\\/audi-a4-fahrzeugpraesentation\\\/#primaryimage\"},\"thumbnailUrl\":\"https:\\\/\\\/hb-laser.com\\\/wp-content\\\/uploads\\\/2022\\\/04\\\/Titelbilder-1920-\u00d7-700-px-18.png\",\"datePublished\":\"2022-04-16T20:11:13+00:00\",\"dateModified\":\"2022-07-08T13:37:44+00:00\",\"author\":{\"@id\":\"https:\\\/\\\/www.hb-laser.com\\\/#\\\/schema\\\/person\\\/18d9237bdeeb18a8d7475b3761dd8b41\"},\"description\":\"Die Fahrzeugpr\u00e4sentation des neuen A4 in der Audi-Niederlassung in Schw\u00e4bisch Gm\u00fcnd fand im Jahr 2004 statt\",\"breadcrumb\":{\"@id\":\"https:\\\/\\\/www.hb-laser.com\\\/2022\\\/04\\\/16\\\/audi-a4-fahrzeugpraesentation\\\/#breadcrumb\"},\"inLanguage\":\"de\",\"potentialAction\":[{\"@type\":\"ReadAction\",\"target\":[\"https:\\\/\\\/www.hb-laser.com\\\/2022\\\/04\\\/16\\\/audi-a4-fahrzeugpraesentation\\\/\"]}]},{\"@type\":\"ImageObject\",\"inLanguage\":\"de\",\"@id\":\"https:\\\/\\\/www.hb-laser.com\\\/2022\\\/04\\\/16\\\/audi-a4-fahrzeugpraesentation\\\/#primaryimage\",\"url\":\"https:\\\/\\\/hb-laser.com\\\/wp-content\\\/uploads\\\/2022\\\/04\\\/Titelbilder-1920-\u00d7-700-px-18.png\",\"contentUrl\":\"https:\\\/\\\/hb-laser.com\\\/wp-content\\\/uploads\\\/2022\\\/04\\\/Titelbilder-1920-\u00d7-700-px-18.png\",\"width\":1920,\"height\":700},{\"@type\":\"BreadcrumbList\",\"@id\":\"https:\\\/\\\/www.hb-laser.com\\\/2022\\\/04\\\/16\\\/audi-a4-fahrzeugpraesentation\\\/#breadcrumb\",\"itemListElement\":[{\"@type\":\"ListItem\",\"position\":1,\"name\":\"Home\",\"item\":\"https:\\\/\\\/hb-laser.com\\\/\"},{\"@type\":\"ListItem\",\"position\":2,\"name\":\"Audi A4 Fahrzeugpr\u00e4sentation\"}]},{\"@type\":\"WebSite\",\"@id\":\"https:\\\/\\\/www.hb-laser.com\\\/#website\",\"url\":\"https:\\\/\\\/www.hb-laser.com\\\/\",\"name\":\"HB-Laser.com\",\"description\":\"\",\"potentialAction\":[{\"@type\":\"SearchAction\",\"target\":{\"@type\":\"EntryPoint\",\"urlTemplate\":\"https:\\\/\\\/www.hb-laser.com\\\/?s={search_term_string}\"},\"query-input\":{\"@type\":\"PropertyValueSpecification\",\"valueRequired\":true,\"valueName\":\"search_term_string\"}}],\"inLanguage\":\"de\"},{\"@type\":\"Person\",\"@id\":\"https:\\\/\\\/www.hb-laser.com\\\/#\\\/schema\\\/person\\\/18d9237bdeeb18a8d7475b3761dd8b41\",\"name\":\"Julia\",\"image\":{\"@type\":\"ImageObject\",\"inLanguage\":\"de\",\"@id\":\"https:\\\/\\\/secure.gravatar.com\\\/avatar\\\/c1d006b84e3a1546f107a0bcf9b27fe6e30e4d32ea2d56f5a2b54e9fbe18d498?s=96&d=mm&r=g\",\"url\":\"https:\\\/\\\/secure.gravatar.com\\\/avatar\\\/c1d006b84e3a1546f107a0bcf9b27fe6e30e4d32ea2d56f5a2b54e9fbe18d498?s=96&d=mm&r=g\",\"contentUrl\":\"https:\\\/\\\/secure.gravatar.com\\\/avatar\\\/c1d006b84e3a1546f107a0bcf9b27fe6e30e4d32ea2d56f5a2b54e9fbe18d498?s=96&d=mm&r=g\",\"caption\":\"Julia\"},\"sameAs\":[\"https:\\\/\\\/hb-laser.com\"],\"url\":\"https:\\\/\\\/hb-laser.com\\\/de\\\/author\\\/julia\\\/\"}]}<\/script>\n<!-- \/ Yoast SEO plugin. -->","yoast_head_json":{"title":"Audi A4 Fahrzeugpr\u00e4sentation | Referenzen von HB-Laser","description":"Die Fahrzeugpr\u00e4sentation des neuen A4 in der Audi-Niederlassung in Schw\u00e4bisch Gm\u00fcnd fand im Jahr 2004 statt","robots":{"index":"index","follow":"follow","max-snippet":"max-snippet:-1","max-image-preview":"max-image-preview:large","max-video-preview":"max-video-preview:-1"},"canonical":"https:\/\/www.hb-laser.com\/2022\/04\/16\/audi-a4-fahrzeugpraesentation\/","og_locale":"de_DE","og_type":"article","og_title":"Audi A4 Fahrzeugpr\u00e4sentation | Referenzen von HB-Laser","og_description":"Die Fahrzeugpr\u00e4sentation des neuen A4 in der Audi-Niederlassung in Schw\u00e4bisch Gm\u00fcnd fand im Jahr 2004 statt","og_url":"https:\/\/www.hb-laser.com\/2022\/04\/16\/audi-a4-fahrzeugpraesentation\/","og_site_name":"HB-Laser.com","article_published_time":"2022-04-16T20:11:13+00:00","article_modified_time":"2022-07-08T13:37:44+00:00","og_image":[{"width":1920,"height":700,"url":"https:\/\/www.hb-laser.com\/wp-content\/uploads\/2022\/04\/Titelbilder-1920-\u00d7-700-px-18.png","type":"image\/png"}],"author":"Julia","twitter_card":"summary_large_image","twitter_misc":{"Verfasst von":"Julia","Gesch\u00e4tzte Lesezeit":"1\u00a0Minute"},"schema":{"@context":"https:\/\/schema.org","@graph":[{"@type":"Article","@id":"https:\/\/www.hb-laser.com\/2022\/04\/16\/audi-a4-fahrzeugpraesentation\/#article","isPartOf":{"@id":"https:\/\/www.hb-laser.com\/2022\/04\/16\/audi-a4-fahrzeugpraesentation\/"},"author":{"name":"Julia","@id":"https:\/\/www.hb-laser.com\/#\/schema\/person\/18d9237bdeeb18a8d7475b3761dd8b41"},"headline":"Audi A4 Fahrzeugpr\u00e4sentation","datePublished":"2022-04-16T20:11:13+00:00","dateModified":"2022-07-08T13:37:44+00:00","mainEntityOfPage":{"@id":"https:\/\/www.hb-laser.com\/2022\/04\/16\/audi-a4-fahrzeugpraesentation\/"},"wordCount":214,"commentCount":0,"image":{"@id":"https:\/\/www.hb-laser.com\/2022\/04\/16\/audi-a4-fahrzeugpraesentation\/#primaryimage"},"thumbnailUrl":"https:\/\/hb-laser.com\/wp-content\/uploads\/2022\/04\/Titelbilder-1920-\u00d7-700-px-18.png","articleSection":["Events ausgeblendet"],"inLanguage":"de","potentialAction":[{"@type":"CommentAction","name":"Comment","target":["https:\/\/www.hb-laser.com\/2022\/04\/16\/audi-a4-fahrzeugpraesentation\/#respond"]}]},{"@type":"WebPage","@id":"https:\/\/www.hb-laser.com\/2022\/04\/16\/audi-a4-fahrzeugpraesentation\/","url":"https:\/\/www.hb-laser.com\/2022\/04\/16\/audi-a4-fahrzeugpraesentation\/","name":"Audi A4 Fahrzeugpr\u00e4sentation | Referenzen von HB-Laser","isPartOf":{"@id":"https:\/\/www.hb-laser.com\/#website"},"primaryImageOfPage":{"@id":"https:\/\/www.hb-laser.com\/2022\/04\/16\/audi-a4-fahrzeugpraesentation\/#primaryimage"},"image":{"@id":"https:\/\/www.hb-laser.com\/2022\/04\/16\/audi-a4-fahrzeugpraesentation\/#primaryimage"},"thumbnailUrl":"https:\/\/hb-laser.com\/wp-content\/uploads\/2022\/04\/Titelbilder-1920-\u00d7-700-px-18.png","datePublished":"2022-04-16T20:11:13+00:00","dateModified":"2022-07-08T13:37:44+00:00","author":{"@id":"https:\/\/www.hb-laser.com\/#\/schema\/person\/18d9237bdeeb18a8d7475b3761dd8b41"},"description":"Die Fahrzeugpr\u00e4sentation des neuen A4 in der Audi-Niederlassung in Schw\u00e4bisch Gm\u00fcnd fand im Jahr 2004 statt","breadcrumb":{"@id":"https:\/\/www.hb-laser.com\/2022\/04\/16\/audi-a4-fahrzeugpraesentation\/#breadcrumb"},"inLanguage":"de","potentialAction":[{"@type":"ReadAction","target":["https:\/\/www.hb-laser.com\/2022\/04\/16\/audi-a4-fahrzeugpraesentation\/"]}]},{"@type":"ImageObject","inLanguage":"de","@id":"https:\/\/www.hb-laser.com\/2022\/04\/16\/audi-a4-fahrzeugpraesentation\/#primaryimage","url":"https:\/\/hb-laser.com\/wp-content\/uploads\/2022\/04\/Titelbilder-1920-\u00d7-700-px-18.png","contentUrl":"https:\/\/hb-laser.com\/wp-content\/uploads\/2022\/04\/Titelbilder-1920-\u00d7-700-px-18.png","width":1920,"height":700},{"@type":"BreadcrumbList","@id":"https:\/\/www.hb-laser.com\/2022\/04\/16\/audi-a4-fahrzeugpraesentation\/#breadcrumb","itemListElement":[{"@type":"ListItem","position":1,"name":"Home","item":"https:\/\/hb-laser.com\/"},{"@type":"ListItem","position":2,"name":"Audi A4 Fahrzeugpr\u00e4sentation"}]},{"@type":"WebSite","@id":"https:\/\/www.hb-laser.com\/#website","url":"https:\/\/www.hb-laser.com\/","name":"HB-Laser.com","description":"","potentialAction":[{"@type":"SearchAction","target":{"@type":"EntryPoint","urlTemplate":"https:\/\/www.hb-laser.com\/?s={search_term_string}"},"query-input":{"@type":"PropertyValueSpecification","valueRequired":true,"valueName":"search_term_string"}}],"inLanguage":"de"},{"@type":"Person","@id":"https:\/\/www.hb-laser.com\/#\/schema\/person\/18d9237bdeeb18a8d7475b3761dd8b41","name":"Julia","image":{"@type":"ImageObject","inLanguage":"de","@id":"https:\/\/secure.gravatar.com\/avatar\/c1d006b84e3a1546f107a0bcf9b27fe6e30e4d32ea2d56f5a2b54e9fbe18d498?s=96&d=mm&r=g","url":"https:\/\/secure.gravatar.com\/avatar\/c1d006b84e3a1546f107a0bcf9b27fe6e30e4d32ea2d56f5a2b54e9fbe18d498?s=96&d=mm&r=g","contentUrl":"https:\/\/secure.gravatar.com\/avatar\/c1d006b84e3a1546f107a0bcf9b27fe6e30e4d32ea2d56f5a2b54e9fbe18d498?s=96&d=mm&r=g","caption":"Julia"},"sameAs":["https:\/\/hb-laser.com"],"url":"https:\/\/hb-laser.com\/de\/author\/julia\/"}]}},"_links":{"self":[{"href":"https:\/\/hb-laser.com\/de\/wp-json\/wp\/v2\/posts\/6127","targetHints":{"allow":["GET"]}}],"collection":[{"href":"https:\/\/hb-laser.com\/de\/wp-json\/wp\/v2\/posts"}],"about":[{"href":"https:\/\/hb-laser.com\/de\/wp-json\/wp\/v2\/types\/post"}],"author":[{"embeddable":true,"href":"https:\/\/hb-laser.com\/de\/wp-json\/wp\/v2\/users\/1"}],"replies":[{"embeddable":true,"href":"https:\/\/hb-laser.com\/de\/wp-json\/wp\/v2\/comments?post=6127"}],"version-history":[{"count":0,"href":"https:\/\/hb-laser.com\/de\/wp-json\/wp\/v2\/posts\/6127\/revisions"}],"wp:featuredmedia":[{"embeddable":true,"href":"https:\/\/hb-laser.com\/de\/wp-json\/wp\/v2\/media\/9857"}],"wp:attachment":[{"href":"https:\/\/hb-laser.com\/de\/wp-json\/wp\/v2\/media?parent=6127"}],"wp:term":[{"taxonomy":"category","embeddable":true,"href":"https:\/\/hb-laser.com\/de\/wp-json\/wp\/v2\/categories?post=6127"},{"taxonomy":"post_tag","embeddable":true,"href":"https:\/\/hb-laser.com\/de\/wp-json\/wp\/v2\/tags?post=6127"}],"curies":[{"name":"wp","href":"https:\/\/api.w.org\/{rel}","templated":true}]}}