{"id":6352,"date":"2022-04-18T12:50:18","date_gmt":"2022-04-18T10:50:18","guid":{"rendered":"https:\/\/hb-laser.com\/?p=6352"},"modified":"2022-07-08T08:28:22","modified_gmt":"2022-07-08T06:28:22","slug":"laserprojekt-an-der-hochschule-fuer-design-in-schwaebisch-gmuend","status":"publish","type":"post","link":"https:\/\/hb-laser.com\/de\/2022\/04\/18\/laserprojekt-an-der-hochschule-fuer-design-in-schwaebisch-gmuend\/","title":{"rendered":"Laserprojekt an der Hochschule f\u00fcr Design in Schw\u00e4bisch Gm\u00fcnd"},"content":{"rendered":"\n[et_pb_section fb_built=&#8220;1&#8243; _builder_version=&#8220;4.16&#8243; _module_preset=&#8220;default&#8220; custom_margin=&#8220;|-105px||-103px||&#8220; global_colors_info=&#8220;{}&#8220; theme_builder_area=&#8220;post_content&#8220;][et_pb_row _builder_version=&#8220;4.16&#8243; _module_preset=&#8220;default&#8220; custom_margin=&#8220;|auto||102px||&#8220; global_colors_info=&#8220;{}&#8220; theme_builder_area=&#8220;post_content&#8220;][et_pb_column type=&#8220;4_4&#8243; _builder_version=&#8220;4.16&#8243; _module_preset=&#8220;default&#8220; global_colors_info=&#8220;{}&#8220; theme_builder_area=&#8220;post_content&#8220;][et_pb_text _builder_version=&#8220;4.16&#8243; _module_preset=&#8220;default&#8220; global_colors_info=&#8220;{}&#8220; theme_builder_area=&#8220;post_content&#8220;]<p>Ende 2008 wurde ein Laser-Projekt an der &#8222;Hochschule f\u00fcr Gestaltung&#8220; in Schw\u00e4bisch Gm\u00fcnd umgesetzt: ein Laser- und Video-Mapping an die Fassade des Hochschul-Geb\u00e4udes. Mit einer solchen Art von Projektion ist es m\u00f6glich, einem Geb\u00e4ude ein komplett anderes Aussehen zu verpassen, wie anhand der Bilder zu erkennen ist. Programmierung und Gestaltung wurde von uns in Zusammenarbeit mit den Studenten der Hochschule im Rahmen eines studentischen Projekts vorgenommen.<\/p>[\/et_pb_text][et_pb_image src=&#8220;https:\/\/hb-laser.com\/wp-content\/uploads\/2022\/06\/HFG-Germany-2009-6.jpg&#8220; alt=&#8220;Tropfsteinh\u00f6hle Ledenika&#8220; title_text=&#8220;HFG, Germany, 2009 6&#8243; _builder_version=&#8220;4.17.3&#8243; _module_preset=&#8220;default&#8220; hover_enabled=&#8220;0&#8243; border_radii=&#8220;on|25px|25px|25px|25px&#8220; box_shadow_style=&#8220;preset1&#8243; global_colors_info=&#8220;{}&#8220; theme_builder_area=&#8220;post_content&#8220; sticky_enabled=&#8220;0&#8243;][\/et_pb_image][et_pb_image src=&#8220;https:\/\/hb-laser.com\/wp-content\/uploads\/2022\/07\/HFG-Germany-2009-9.jpg&#8220; alt=&#8220;Tropfsteinh\u00f6hle Ledenika&#8220; title_text=&#8220;HFG, Germany, 2009 9&#8243; _builder_version=&#8220;4.17.3&#8243; _module_preset=&#8220;default&#8220; hover_enabled=&#8220;0&#8243; border_radii=&#8220;on|25px|25px|25px|25px&#8220; box_shadow_style=&#8220;preset1&#8243; global_colors_info=&#8220;{}&#8220; theme_builder_area=&#8220;post_content&#8220; sticky_enabled=&#8220;0&#8243;][\/et_pb_image][et_pb_image src=&#8220;https:\/\/hb-laser.com\/wp-content\/uploads\/2022\/06\/HFG-Germany-2009-8.jpg&#8220; alt=&#8220;Tropfsteinh\u00f6hle Ledenika&#8220; title_text=&#8220;HFG, Germany, 2009 8&#8243; _builder_version=&#8220;4.17.3&#8243; _module_preset=&#8220;default&#8220; hover_enabled=&#8220;0&#8243; border_radii=&#8220;on|25px|25px|25px|25px&#8220; box_shadow_style=&#8220;preset1&#8243; global_colors_info=&#8220;{}&#8220; theme_builder_area=&#8220;post_content&#8220; sticky_enabled=&#8220;0&#8243;][\/et_pb_image][\/et_pb_column][\/et_pb_row][\/et_pb_section]\n","protected":false},"excerpt":{"rendered":"<p>Ende 2008 wurde ein Laser-Projekt an der &#8222;Hochschule f\u00fcr Gestaltung&#8220; in Schw\u00e4bisch Gm\u00fcnd umgesetzt: ein Laser- und Video-Mapping an die Fassade des Hochschul-Geb\u00e4udes. Mit einer solchen Art von Projektion ist es m\u00f6glich, einem Geb\u00e4ude ein komplett anderes Aussehen zu verpassen, wie anhand der Bilder zu erkennen ist. Programmierung und Gestaltung wurde von uns in Zusammenarbeit [&hellip;]<\/p>\n","protected":false},"author":1,"featured_media":9694,"comment_status":"open","ping_status":"open","sticky":false,"template":"","format":"standard","meta":{"_et_pb_use_builder":"on","_et_pb_old_content":"","_et_gb_content_width":"","footnotes":""},"categories":[38],"tags":[],"class_list":["post-6352","post","type-post","status-publish","format-standard","has-post-thumbnail","hentry","category-sonderloesung-ausgeblendet"],"yoast_head":"<!-- This site is optimized with the Yoast SEO plugin v27.4 - https:\/\/yoast.com\/product\/yoast-seo-wordpress\/ -->\n<title>Laserprojekt an der Hochschule f\u00fcr Design in Schw\u00e4bisch Gm\u00fcnd<\/title>\n<meta name=\"description\" content=\"Ende 2008 wurde ein Laser-Projekt an der &quot;Hochschule f\u00fcr Gestaltung&quot; in Schw\u00e4bisch Gm\u00fcnd umgesetzt | Referenzen von HB-Laser\" \/>\n<meta name=\"robots\" content=\"index, follow, max-snippet:-1, max-image-preview:large, max-video-preview:-1\" \/>\n<link rel=\"canonical\" href=\"https:\/\/www.hb-laser.com\/2022\/04\/18\/laserprojekt-an-der-hochschule-fuer-design-in-schwaebisch-gmuend\/\" \/>\n<meta property=\"og:locale\" content=\"de_DE\" \/>\n<meta property=\"og:type\" content=\"article\" \/>\n<meta property=\"og:title\" content=\"Laserprojekt an der Hochschule f\u00fcr Design in Schw\u00e4bisch Gm\u00fcnd\" \/>\n<meta property=\"og:description\" content=\"Ende 2008 wurde ein Laser-Projekt an der &quot;Hochschule f\u00fcr Gestaltung&quot; in Schw\u00e4bisch Gm\u00fcnd umgesetzt | Referenzen von HB-Laser\" \/>\n<meta property=\"og:url\" content=\"https:\/\/www.hb-laser.com\/2022\/04\/18\/laserprojekt-an-der-hochschule-fuer-design-in-schwaebisch-gmuend\/\" \/>\n<meta property=\"og:site_name\" content=\"HB-Laser.com\" \/>\n<meta property=\"article:published_time\" content=\"2022-04-18T10:50:18+00:00\" \/>\n<meta property=\"article:modified_time\" content=\"2022-07-08T06:28:22+00:00\" \/>\n<meta property=\"og:image\" content=\"https:\/\/www.hb-laser.com\/wp-content\/uploads\/2022\/04\/Titelbilder-1920-\u00d7-700-px-1.png\" \/>\n\t<meta property=\"og:image:width\" content=\"1920\" \/>\n\t<meta property=\"og:image:height\" content=\"700\" \/>\n\t<meta property=\"og:image:type\" content=\"image\/png\" \/>\n<meta name=\"author\" content=\"Julia\" \/>\n<meta name=\"twitter:card\" content=\"summary_large_image\" \/>\n<meta name=\"twitter:label1\" content=\"Verfasst von\" \/>\n\t<meta name=\"twitter:data1\" content=\"Julia\" \/>\n\t<meta name=\"twitter:label2\" content=\"Gesch\u00e4tzte Lesezeit\" \/>\n\t<meta name=\"twitter:data2\" content=\"1\u00a0Minute\" \/>\n<script type=\"application\/ld+json\" class=\"yoast-schema-graph\">{\"@context\":\"https:\\\/\\\/schema.org\",\"@graph\":[{\"@type\":\"Article\",\"@id\":\"https:\\\/\\\/www.hb-laser.com\\\/2022\\\/04\\\/18\\\/laserprojekt-an-der-hochschule-fuer-design-in-schwaebisch-gmuend\\\/#article\",\"isPartOf\":{\"@id\":\"https:\\\/\\\/www.hb-laser.com\\\/2022\\\/04\\\/18\\\/laserprojekt-an-der-hochschule-fuer-design-in-schwaebisch-gmuend\\\/\"},\"author\":{\"name\":\"Julia\",\"@id\":\"https:\\\/\\\/www.hb-laser.com\\\/#\\\/schema\\\/person\\\/18d9237bdeeb18a8d7475b3761dd8b41\"},\"headline\":\"Laserprojekt an der Hochschule f\u00fcr Design in Schw\u00e4bisch Gm\u00fcnd\",\"datePublished\":\"2022-04-18T10:50:18+00:00\",\"dateModified\":\"2022-07-08T06:28:22+00:00\",\"mainEntityOfPage\":{\"@id\":\"https:\\\/\\\/www.hb-laser.com\\\/2022\\\/04\\\/18\\\/laserprojekt-an-der-hochschule-fuer-design-in-schwaebisch-gmuend\\\/\"},\"wordCount\":325,\"commentCount\":0,\"image\":{\"@id\":\"https:\\\/\\\/www.hb-laser.com\\\/2022\\\/04\\\/18\\\/laserprojekt-an-der-hochschule-fuer-design-in-schwaebisch-gmuend\\\/#primaryimage\"},\"thumbnailUrl\":\"https:\\\/\\\/hb-laser.com\\\/wp-content\\\/uploads\\\/2022\\\/04\\\/Titelbilder-1920-\u00d7-700-px-1.png\",\"articleSection\":[\"Sonderl\u00f6sung ausgeblendet\"],\"inLanguage\":\"de\",\"potentialAction\":[{\"@type\":\"CommentAction\",\"name\":\"Comment\",\"target\":[\"https:\\\/\\\/www.hb-laser.com\\\/2022\\\/04\\\/18\\\/laserprojekt-an-der-hochschule-fuer-design-in-schwaebisch-gmuend\\\/#respond\"]}]},{\"@type\":\"WebPage\",\"@id\":\"https:\\\/\\\/www.hb-laser.com\\\/2022\\\/04\\\/18\\\/laserprojekt-an-der-hochschule-fuer-design-in-schwaebisch-gmuend\\\/\",\"url\":\"https:\\\/\\\/www.hb-laser.com\\\/2022\\\/04\\\/18\\\/laserprojekt-an-der-hochschule-fuer-design-in-schwaebisch-gmuend\\\/\",\"name\":\"Laserprojekt an der Hochschule f\u00fcr Design in Schw\u00e4bisch Gm\u00fcnd\",\"isPartOf\":{\"@id\":\"https:\\\/\\\/www.hb-laser.com\\\/#website\"},\"primaryImageOfPage\":{\"@id\":\"https:\\\/\\\/www.hb-laser.com\\\/2022\\\/04\\\/18\\\/laserprojekt-an-der-hochschule-fuer-design-in-schwaebisch-gmuend\\\/#primaryimage\"},\"image\":{\"@id\":\"https:\\\/\\\/www.hb-laser.com\\\/2022\\\/04\\\/18\\\/laserprojekt-an-der-hochschule-fuer-design-in-schwaebisch-gmuend\\\/#primaryimage\"},\"thumbnailUrl\":\"https:\\\/\\\/hb-laser.com\\\/wp-content\\\/uploads\\\/2022\\\/04\\\/Titelbilder-1920-\u00d7-700-px-1.png\",\"datePublished\":\"2022-04-18T10:50:18+00:00\",\"dateModified\":\"2022-07-08T06:28:22+00:00\",\"author\":{\"@id\":\"https:\\\/\\\/www.hb-laser.com\\\/#\\\/schema\\\/person\\\/18d9237bdeeb18a8d7475b3761dd8b41\"},\"description\":\"Ende 2008 wurde ein Laser-Projekt an der \\\"Hochschule f\u00fcr Gestaltung\\\" in Schw\u00e4bisch Gm\u00fcnd umgesetzt | Referenzen von HB-Laser\",\"breadcrumb\":{\"@id\":\"https:\\\/\\\/www.hb-laser.com\\\/2022\\\/04\\\/18\\\/laserprojekt-an-der-hochschule-fuer-design-in-schwaebisch-gmuend\\\/#breadcrumb\"},\"inLanguage\":\"de\",\"potentialAction\":[{\"@type\":\"ReadAction\",\"target\":[\"https:\\\/\\\/www.hb-laser.com\\\/2022\\\/04\\\/18\\\/laserprojekt-an-der-hochschule-fuer-design-in-schwaebisch-gmuend\\\/\"]}]},{\"@type\":\"ImageObject\",\"inLanguage\":\"de\",\"@id\":\"https:\\\/\\\/www.hb-laser.com\\\/2022\\\/04\\\/18\\\/laserprojekt-an-der-hochschule-fuer-design-in-schwaebisch-gmuend\\\/#primaryimage\",\"url\":\"https:\\\/\\\/hb-laser.com\\\/wp-content\\\/uploads\\\/2022\\\/04\\\/Titelbilder-1920-\u00d7-700-px-1.png\",\"contentUrl\":\"https:\\\/\\\/hb-laser.com\\\/wp-content\\\/uploads\\\/2022\\\/04\\\/Titelbilder-1920-\u00d7-700-px-1.png\",\"width\":1920,\"height\":700},{\"@type\":\"BreadcrumbList\",\"@id\":\"https:\\\/\\\/www.hb-laser.com\\\/2022\\\/04\\\/18\\\/laserprojekt-an-der-hochschule-fuer-design-in-schwaebisch-gmuend\\\/#breadcrumb\",\"itemListElement\":[{\"@type\":\"ListItem\",\"position\":1,\"name\":\"Home\",\"item\":\"https:\\\/\\\/hb-laser.com\\\/\"},{\"@type\":\"ListItem\",\"position\":2,\"name\":\"Laserprojekt an der Hochschule f\u00fcr Design in Schw\u00e4bisch Gm\u00fcnd\"}]},{\"@type\":\"WebSite\",\"@id\":\"https:\\\/\\\/www.hb-laser.com\\\/#website\",\"url\":\"https:\\\/\\\/www.hb-laser.com\\\/\",\"name\":\"HB-Laser.com\",\"description\":\"\",\"potentialAction\":[{\"@type\":\"SearchAction\",\"target\":{\"@type\":\"EntryPoint\",\"urlTemplate\":\"https:\\\/\\\/www.hb-laser.com\\\/?s={search_term_string}\"},\"query-input\":{\"@type\":\"PropertyValueSpecification\",\"valueRequired\":true,\"valueName\":\"search_term_string\"}}],\"inLanguage\":\"de\"},{\"@type\":\"Person\",\"@id\":\"https:\\\/\\\/www.hb-laser.com\\\/#\\\/schema\\\/person\\\/18d9237bdeeb18a8d7475b3761dd8b41\",\"name\":\"Julia\",\"image\":{\"@type\":\"ImageObject\",\"inLanguage\":\"de\",\"@id\":\"https:\\\/\\\/secure.gravatar.com\\\/avatar\\\/c1d006b84e3a1546f107a0bcf9b27fe6e30e4d32ea2d56f5a2b54e9fbe18d498?s=96&d=mm&r=g\",\"url\":\"https:\\\/\\\/secure.gravatar.com\\\/avatar\\\/c1d006b84e3a1546f107a0bcf9b27fe6e30e4d32ea2d56f5a2b54e9fbe18d498?s=96&d=mm&r=g\",\"contentUrl\":\"https:\\\/\\\/secure.gravatar.com\\\/avatar\\\/c1d006b84e3a1546f107a0bcf9b27fe6e30e4d32ea2d56f5a2b54e9fbe18d498?s=96&d=mm&r=g\",\"caption\":\"Julia\"},\"sameAs\":[\"https:\\\/\\\/hb-laser.com\"],\"url\":\"https:\\\/\\\/hb-laser.com\\\/de\\\/author\\\/julia\\\/\"}]}<\/script>\n<!-- \/ Yoast SEO plugin. -->","yoast_head_json":{"title":"Laserprojekt an der Hochschule f\u00fcr Design in Schw\u00e4bisch Gm\u00fcnd","description":"Ende 2008 wurde ein Laser-Projekt an der \"Hochschule f\u00fcr Gestaltung\" in Schw\u00e4bisch Gm\u00fcnd umgesetzt | Referenzen von HB-Laser","robots":{"index":"index","follow":"follow","max-snippet":"max-snippet:-1","max-image-preview":"max-image-preview:large","max-video-preview":"max-video-preview:-1"},"canonical":"https:\/\/www.hb-laser.com\/2022\/04\/18\/laserprojekt-an-der-hochschule-fuer-design-in-schwaebisch-gmuend\/","og_locale":"de_DE","og_type":"article","og_title":"Laserprojekt an der Hochschule f\u00fcr Design in Schw\u00e4bisch Gm\u00fcnd","og_description":"Ende 2008 wurde ein Laser-Projekt an der \"Hochschule f\u00fcr Gestaltung\" in Schw\u00e4bisch Gm\u00fcnd umgesetzt | Referenzen von HB-Laser","og_url":"https:\/\/www.hb-laser.com\/2022\/04\/18\/laserprojekt-an-der-hochschule-fuer-design-in-schwaebisch-gmuend\/","og_site_name":"HB-Laser.com","article_published_time":"2022-04-18T10:50:18+00:00","article_modified_time":"2022-07-08T06:28:22+00:00","og_image":[{"width":1920,"height":700,"url":"https:\/\/www.hb-laser.com\/wp-content\/uploads\/2022\/04\/Titelbilder-1920-\u00d7-700-px-1.png","type":"image\/png"}],"author":"Julia","twitter_card":"summary_large_image","twitter_misc":{"Verfasst von":"Julia","Gesch\u00e4tzte Lesezeit":"1\u00a0Minute"},"schema":{"@context":"https:\/\/schema.org","@graph":[{"@type":"Article","@id":"https:\/\/www.hb-laser.com\/2022\/04\/18\/laserprojekt-an-der-hochschule-fuer-design-in-schwaebisch-gmuend\/#article","isPartOf":{"@id":"https:\/\/www.hb-laser.com\/2022\/04\/18\/laserprojekt-an-der-hochschule-fuer-design-in-schwaebisch-gmuend\/"},"author":{"name":"Julia","@id":"https:\/\/www.hb-laser.com\/#\/schema\/person\/18d9237bdeeb18a8d7475b3761dd8b41"},"headline":"Laserprojekt an der Hochschule f\u00fcr Design in Schw\u00e4bisch Gm\u00fcnd","datePublished":"2022-04-18T10:50:18+00:00","dateModified":"2022-07-08T06:28:22+00:00","mainEntityOfPage":{"@id":"https:\/\/www.hb-laser.com\/2022\/04\/18\/laserprojekt-an-der-hochschule-fuer-design-in-schwaebisch-gmuend\/"},"wordCount":325,"commentCount":0,"image":{"@id":"https:\/\/www.hb-laser.com\/2022\/04\/18\/laserprojekt-an-der-hochschule-fuer-design-in-schwaebisch-gmuend\/#primaryimage"},"thumbnailUrl":"https:\/\/hb-laser.com\/wp-content\/uploads\/2022\/04\/Titelbilder-1920-\u00d7-700-px-1.png","articleSection":["Sonderl\u00f6sung ausgeblendet"],"inLanguage":"de","potentialAction":[{"@type":"CommentAction","name":"Comment","target":["https:\/\/www.hb-laser.com\/2022\/04\/18\/laserprojekt-an-der-hochschule-fuer-design-in-schwaebisch-gmuend\/#respond"]}]},{"@type":"WebPage","@id":"https:\/\/www.hb-laser.com\/2022\/04\/18\/laserprojekt-an-der-hochschule-fuer-design-in-schwaebisch-gmuend\/","url":"https:\/\/www.hb-laser.com\/2022\/04\/18\/laserprojekt-an-der-hochschule-fuer-design-in-schwaebisch-gmuend\/","name":"Laserprojekt an der Hochschule f\u00fcr Design in Schw\u00e4bisch Gm\u00fcnd","isPartOf":{"@id":"https:\/\/www.hb-laser.com\/#website"},"primaryImageOfPage":{"@id":"https:\/\/www.hb-laser.com\/2022\/04\/18\/laserprojekt-an-der-hochschule-fuer-design-in-schwaebisch-gmuend\/#primaryimage"},"image":{"@id":"https:\/\/www.hb-laser.com\/2022\/04\/18\/laserprojekt-an-der-hochschule-fuer-design-in-schwaebisch-gmuend\/#primaryimage"},"thumbnailUrl":"https:\/\/hb-laser.com\/wp-content\/uploads\/2022\/04\/Titelbilder-1920-\u00d7-700-px-1.png","datePublished":"2022-04-18T10:50:18+00:00","dateModified":"2022-07-08T06:28:22+00:00","author":{"@id":"https:\/\/www.hb-laser.com\/#\/schema\/person\/18d9237bdeeb18a8d7475b3761dd8b41"},"description":"Ende 2008 wurde ein Laser-Projekt an der \"Hochschule f\u00fcr Gestaltung\" in Schw\u00e4bisch Gm\u00fcnd umgesetzt | Referenzen von HB-Laser","breadcrumb":{"@id":"https:\/\/www.hb-laser.com\/2022\/04\/18\/laserprojekt-an-der-hochschule-fuer-design-in-schwaebisch-gmuend\/#breadcrumb"},"inLanguage":"de","potentialAction":[{"@type":"ReadAction","target":["https:\/\/www.hb-laser.com\/2022\/04\/18\/laserprojekt-an-der-hochschule-fuer-design-in-schwaebisch-gmuend\/"]}]},{"@type":"ImageObject","inLanguage":"de","@id":"https:\/\/www.hb-laser.com\/2022\/04\/18\/laserprojekt-an-der-hochschule-fuer-design-in-schwaebisch-gmuend\/#primaryimage","url":"https:\/\/hb-laser.com\/wp-content\/uploads\/2022\/04\/Titelbilder-1920-\u00d7-700-px-1.png","contentUrl":"https:\/\/hb-laser.com\/wp-content\/uploads\/2022\/04\/Titelbilder-1920-\u00d7-700-px-1.png","width":1920,"height":700},{"@type":"BreadcrumbList","@id":"https:\/\/www.hb-laser.com\/2022\/04\/18\/laserprojekt-an-der-hochschule-fuer-design-in-schwaebisch-gmuend\/#breadcrumb","itemListElement":[{"@type":"ListItem","position":1,"name":"Home","item":"https:\/\/hb-laser.com\/"},{"@type":"ListItem","position":2,"name":"Laserprojekt an der Hochschule f\u00fcr Design in Schw\u00e4bisch Gm\u00fcnd"}]},{"@type":"WebSite","@id":"https:\/\/www.hb-laser.com\/#website","url":"https:\/\/www.hb-laser.com\/","name":"HB-Laser.com","description":"","potentialAction":[{"@type":"SearchAction","target":{"@type":"EntryPoint","urlTemplate":"https:\/\/www.hb-laser.com\/?s={search_term_string}"},"query-input":{"@type":"PropertyValueSpecification","valueRequired":true,"valueName":"search_term_string"}}],"inLanguage":"de"},{"@type":"Person","@id":"https:\/\/www.hb-laser.com\/#\/schema\/person\/18d9237bdeeb18a8d7475b3761dd8b41","name":"Julia","image":{"@type":"ImageObject","inLanguage":"de","@id":"https:\/\/secure.gravatar.com\/avatar\/c1d006b84e3a1546f107a0bcf9b27fe6e30e4d32ea2d56f5a2b54e9fbe18d498?s=96&d=mm&r=g","url":"https:\/\/secure.gravatar.com\/avatar\/c1d006b84e3a1546f107a0bcf9b27fe6e30e4d32ea2d56f5a2b54e9fbe18d498?s=96&d=mm&r=g","contentUrl":"https:\/\/secure.gravatar.com\/avatar\/c1d006b84e3a1546f107a0bcf9b27fe6e30e4d32ea2d56f5a2b54e9fbe18d498?s=96&d=mm&r=g","caption":"Julia"},"sameAs":["https:\/\/hb-laser.com"],"url":"https:\/\/hb-laser.com\/de\/author\/julia\/"}]}},"_links":{"self":[{"href":"https:\/\/hb-laser.com\/de\/wp-json\/wp\/v2\/posts\/6352","targetHints":{"allow":["GET"]}}],"collection":[{"href":"https:\/\/hb-laser.com\/de\/wp-json\/wp\/v2\/posts"}],"about":[{"href":"https:\/\/hb-laser.com\/de\/wp-json\/wp\/v2\/types\/post"}],"author":[{"embeddable":true,"href":"https:\/\/hb-laser.com\/de\/wp-json\/wp\/v2\/users\/1"}],"replies":[{"embeddable":true,"href":"https:\/\/hb-laser.com\/de\/wp-json\/wp\/v2\/comments?post=6352"}],"version-history":[{"count":0,"href":"https:\/\/hb-laser.com\/de\/wp-json\/wp\/v2\/posts\/6352\/revisions"}],"wp:featuredmedia":[{"embeddable":true,"href":"https:\/\/hb-laser.com\/de\/wp-json\/wp\/v2\/media\/9694"}],"wp:attachment":[{"href":"https:\/\/hb-laser.com\/de\/wp-json\/wp\/v2\/media?parent=6352"}],"wp:term":[{"taxonomy":"category","embeddable":true,"href":"https:\/\/hb-laser.com\/de\/wp-json\/wp\/v2\/categories?post=6352"},{"taxonomy":"post_tag","embeddable":true,"href":"https:\/\/hb-laser.com\/de\/wp-json\/wp\/v2\/tags?post=6352"}],"curies":[{"name":"wp","href":"https:\/\/api.w.org\/{rel}","templated":true}]}}